{"id":562,"date":"2018-01-24T17:16:43","date_gmt":"2018-01-24T17:16:43","guid":{"rendered":"http:\/\/marcel-linden.de\/?p=562"},"modified":"2020-08-05T11:38:50","modified_gmt":"2020-08-05T11:38:50","slug":"de-gruyter-positionierung-und-markenbooklet","status":"publish","type":"post","link":"https:\/\/marcel-linden.de\/?p=562","title":{"rendered":"De Gruyter | Positionierung und Markenbooklet"},"content":{"rendered":"<p><img loading=\"lazy\" decoding=\"async\" class=\"alignleft size-full wp-image-566\" src=\"https:\/\/marcel-linden.de\/wp-content\/uploads\/2018\/01\/Booklet.jpg\" alt=\"\" width=\"2730\" height=\"2730\" srcset=\"https:\/\/marcel-linden.de\/wp-content\/uploads\/2018\/01\/Booklet.jpg 2730w, https:\/\/marcel-linden.de\/wp-content\/uploads\/2018\/01\/Booklet-150x150.jpg 150w, https:\/\/marcel-linden.de\/wp-content\/uploads\/2018\/01\/Booklet-300x300.jpg 300w, https:\/\/marcel-linden.de\/wp-content\/uploads\/2018\/01\/Booklet-768x768.jpg 768w, https:\/\/marcel-linden.de\/wp-content\/uploads\/2018\/01\/Booklet-1024x1024.jpg 1024w, https:\/\/marcel-linden.de\/wp-content\/uploads\/2018\/01\/Booklet-100x100.jpg 100w\" sizes=\"auto, (max-width: 767px) 89vw, (max-width: 1000px) 54vw, (max-width: 1071px) 543px, 580px\" \/><\/p>\n<p>&nbsp;<br \/>\nDer ehrw\u00fcrdige Wissenschaftsverlag De Gruyter blickt auf eine \u00fcber 260-j\u00e4hrige Geschichte zur\u00fcck \u2013 und mit nachgerade jugendlicher Neugier und uners\u00e4ttlichem Wissenshunger in die Zukunft der Wissenschaftspublizistik, die er ma\u00dfgeblich mitzugestalten gedenkt. Mit und f\u00fcr wenkerottke. Und hier gibt es das PDF dazu:<br \/>\n<a href=\"https:\/\/marcel-linden.de\/wp-content\/uploads\/2018\/01\/De-Gruyter.pdf\">De Gruyter<\/a><\/p>\n","protected":false},"excerpt":{"rendered":"<p>&nbsp; Der ehrw\u00fcrdige Wissenschaftsverlag De Gruyter blickt auf eine \u00fcber 260-j\u00e4hrige Geschichte zur\u00fcck \u2013 und mit nachgerade jugendlicher Neugier und uners\u00e4ttlichem Wissenshunger in die Zukunft der Wissenschaftspublizistik, die er ma\u00dfgeblich mitzugestalten gedenkt. Mit und f\u00fcr wenkerottke. Und hier gibt es das PDF dazu: De Gruyter<\/p>\n","protected":false},"author":1,"featured_media":0,"comment_status":"closed","ping_status":"closed","sticky":false,"template":"","format":"standard","meta":{"footnotes":""},"categories":[59,24,36,20,55,1],"tags":[86,87],"class_list":["post-562","post","type-post","status-publish","format-standard","hentry","category-b2b","category-brand-language","category-employer-branding","category-imagekommunikation","category-interne-kommunikation","category-uncategorized","tag-verlag","tag-wissenschaftspublizistik"],"psp_head":"<title>De Gruyter | Positionierung und Markenbooklet \u2013 Marcel Linden Concept and Copy<\/title>\r\n<meta name=\"description\" content=\"&nbsp; Der ehrw\u00fcrdige Wissenschaftsverlag De Gruyter blickt auf eine \u00fcber 260-j\u00e4hrige Geschichte zur\u00fcck \u2013 und mit nachgerade jugendlicher Neugier und uners\u00e4ttlichem Wissenshunger in die Zukunft der Wissenschaftspublizistik, die er ma\u00dfgeblich mitzugestalten gedenkt.\" \/>\r\n<meta name=\"robots\" content=\"index,follow\" \/>\r\n<link rel=\"canonical\" href=\"https:\/\/marcel-linden.de\/?p=562\" \/>\r\n","yoast_head":"<!-- This site is optimized with the Yoast SEO plugin v27.5 - https:\/\/yoast.com\/product\/yoast-seo-wordpress\/ -->\n<title>De Gruyter | Positionierung und Markenbooklet - Marcel Linden Concept and Copy<\/title>\n<meta name=\"robots\" content=\"index, follow, max-snippet:-1, max-image-preview:large, max-video-preview:-1\" \/>\n<link rel=\"canonical\" href=\"https:\/\/marcel-linden.de\/?p=562\" \/>\n<meta property=\"og:locale\" content=\"de_DE\" \/>\n<meta property=\"og:type\" content=\"article\" \/>\n<meta property=\"og:title\" content=\"De Gruyter | Positionierung und Markenbooklet - Marcel Linden Concept and Copy\" \/>\n<meta property=\"og:description\" content=\"&nbsp; Der ehrw\u00fcrdige Wissenschaftsverlag De Gruyter blickt auf eine \u00fcber 260-j\u00e4hrige Geschichte zur\u00fcck \u2013 und mit nachgerade jugendlicher Neugier und uners\u00e4ttlichem Wissenshunger in die Zukunft der Wissenschaftspublizistik, die er ma\u00dfgeblich mitzugestalten gedenkt. Mit und f\u00fcr wenkerottke. Und hier gibt es das PDF dazu: De Gruyter\" \/>\n<meta property=\"og:url\" content=\"https:\/\/marcel-linden.de\/?p=562\" \/>\n<meta property=\"og:site_name\" content=\"Marcel Linden Concept and Copy\" \/>\n<meta property=\"article:published_time\" content=\"2018-01-24T17:16:43+00:00\" \/>\n<meta property=\"article:modified_time\" content=\"2020-08-05T11:38:50+00:00\" \/>\n<meta property=\"og:image\" content=\"http:\/\/marcel-linden.de\/wp-content\/uploads\/2018\/01\/Booklet.jpg\" \/>\n<meta name=\"author\" content=\"g1_xftzgc\" \/>\n<meta name=\"twitter:card\" content=\"summary_large_image\" \/>\n<meta name=\"twitter:label1\" content=\"Verfasst von\" \/>\n\t<meta name=\"twitter:data1\" content=\"g1_xftzgc\" \/>\n<script type=\"application\/ld+json\" class=\"yoast-schema-graph\">{\"@context\":\"https:\\\/\\\/schema.org\",\"@graph\":[{\"@type\":\"Article\",\"@id\":\"https:\\\/\\\/marcel-linden.de\\\/?p=562#article\",\"isPartOf\":{\"@id\":\"https:\\\/\\\/marcel-linden.de\\\/?p=562\"},\"author\":{\"name\":\"g1_xftzgc\",\"@id\":\"https:\\\/\\\/marcel-linden.de\\\/#\\\/schema\\\/person\\\/bdf9e8d0f7eb94690376ba1c4a3045ce\"},\"headline\":\"De Gruyter | Positionierung und Markenbooklet\",\"datePublished\":\"2018-01-24T17:16:43+00:00\",\"dateModified\":\"2020-08-05T11:38:50+00:00\",\"mainEntityOfPage\":{\"@id\":\"https:\\\/\\\/marcel-linden.de\\\/?p=562\"},\"wordCount\":55,\"publisher\":{\"@id\":\"https:\\\/\\\/marcel-linden.de\\\/#organization\"},\"image\":{\"@id\":\"https:\\\/\\\/marcel-linden.de\\\/?p=562#primaryimage\"},\"thumbnailUrl\":\"http:\\\/\\\/marcel-linden.de\\\/wp-content\\\/uploads\\\/2018\\\/01\\\/Booklet.jpg\",\"keywords\":[\"Verlag\",\"Wissenschaftspublizistik\"],\"articleSection\":[\"B2B\",\"Brand Language\",\"Employer Branding\",\"Imagekommunikation\",\"Interne Kommunikation\",\"Uncategorized\"],\"inLanguage\":\"de\"},{\"@type\":\"WebPage\",\"@id\":\"https:\\\/\\\/marcel-linden.de\\\/?p=562\",\"url\":\"https:\\\/\\\/marcel-linden.de\\\/?p=562\",\"name\":\"De Gruyter | Positionierung und Markenbooklet - Marcel Linden Concept and Copy\",\"isPartOf\":{\"@id\":\"https:\\\/\\\/marcel-linden.de\\\/#website\"},\"primaryImageOfPage\":{\"@id\":\"https:\\\/\\\/marcel-linden.de\\\/?p=562#primaryimage\"},\"image\":{\"@id\":\"https:\\\/\\\/marcel-linden.de\\\/?p=562#primaryimage\"},\"thumbnailUrl\":\"http:\\\/\\\/marcel-linden.de\\\/wp-content\\\/uploads\\\/2018\\\/01\\\/Booklet.jpg\",\"datePublished\":\"2018-01-24T17:16:43+00:00\",\"dateModified\":\"2020-08-05T11:38:50+00:00\",\"breadcrumb\":{\"@id\":\"https:\\\/\\\/marcel-linden.de\\\/?p=562#breadcrumb\"},\"inLanguage\":\"de\",\"potentialAction\":[{\"@type\":\"ReadAction\",\"target\":[\"https:\\\/\\\/marcel-linden.de\\\/?p=562\"]}]},{\"@type\":\"ImageObject\",\"inLanguage\":\"de\",\"@id\":\"https:\\\/\\\/marcel-linden.de\\\/?p=562#primaryimage\",\"url\":\"http:\\\/\\\/marcel-linden.de\\\/wp-content\\\/uploads\\\/2018\\\/01\\\/Booklet.jpg\",\"contentUrl\":\"http:\\\/\\\/marcel-linden.de\\\/wp-content\\\/uploads\\\/2018\\\/01\\\/Booklet.jpg\"},{\"@type\":\"BreadcrumbList\",\"@id\":\"https:\\\/\\\/marcel-linden.de\\\/?p=562#breadcrumb\",\"itemListElement\":[{\"@type\":\"ListItem\",\"position\":1,\"name\":\"Startseite\",\"item\":\"https:\\\/\\\/marcel-linden.de\\\/\"},{\"@type\":\"ListItem\",\"position\":2,\"name\":\"De Gruyter | Positionierung und Markenbooklet\"}]},{\"@type\":\"WebSite\",\"@id\":\"https:\\\/\\\/marcel-linden.de\\\/#website\",\"url\":\"https:\\\/\\\/marcel-linden.de\\\/\",\"name\":\"Marcel Linden Concept and Copy\",\"description\":\"Text, Konzept, Sprach- und Kommunikationsberatung f\u00fcr Agenturen, Unternehmen und Organisationen \",\"publisher\":{\"@id\":\"https:\\\/\\\/marcel-linden.de\\\/#organization\"},\"potentialAction\":[{\"@type\":\"SearchAction\",\"target\":{\"@type\":\"EntryPoint\",\"urlTemplate\":\"https:\\\/\\\/marcel-linden.de\\\/?s={search_term_string}\"},\"query-input\":{\"@type\":\"PropertyValueSpecification\",\"valueRequired\":true,\"valueName\":\"search_term_string\"}}],\"inLanguage\":\"de\"},{\"@type\":\"Organization\",\"@id\":\"https:\\\/\\\/marcel-linden.de\\\/#organization\",\"name\":\"Freelance Copy Marcel Linden\",\"url\":\"https:\\\/\\\/marcel-linden.de\\\/\",\"logo\":{\"@type\":\"ImageObject\",\"inLanguage\":\"de\",\"@id\":\"https:\\\/\\\/marcel-linden.de\\\/#\\\/schema\\\/logo\\\/image\\\/\",\"url\":\"http:\\\/\\\/marcel-linden.de\\\/wp-content\\\/uploads\\\/2017\\\/03\\\/Logo_rund_trans.png\",\"contentUrl\":\"http:\\\/\\\/marcel-linden.de\\\/wp-content\\\/uploads\\\/2017\\\/03\\\/Logo_rund_trans.png\",\"width\":441,\"height\":441,\"caption\":\"Freelance Copy Marcel Linden\"},\"image\":{\"@id\":\"https:\\\/\\\/marcel-linden.de\\\/#\\\/schema\\\/logo\\\/image\\\/\"}},{\"@type\":\"Person\",\"@id\":\"https:\\\/\\\/marcel-linden.de\\\/#\\\/schema\\\/person\\\/bdf9e8d0f7eb94690376ba1c4a3045ce\",\"name\":\"g1_xftzgc\",\"image\":{\"@type\":\"ImageObject\",\"inLanguage\":\"de\",\"@id\":\"https:\\\/\\\/secure.gravatar.com\\\/avatar\\\/39e91faacb86ad35d6381e723ebeb99ea19c79c69bdc64c7091e3a71037fb18e?s=96&d=mm&r=g\",\"url\":\"https:\\\/\\\/secure.gravatar.com\\\/avatar\\\/39e91faacb86ad35d6381e723ebeb99ea19c79c69bdc64c7091e3a71037fb18e?s=96&d=mm&r=g\",\"contentUrl\":\"https:\\\/\\\/secure.gravatar.com\\\/avatar\\\/39e91faacb86ad35d6381e723ebeb99ea19c79c69bdc64c7091e3a71037fb18e?s=96&d=mm&r=g\",\"caption\":\"g1_xftzgc\"}}]}<\/script>\n<!-- \/ Yoast SEO plugin. -->","yoast_head_json":{"title":"De Gruyter | Positionierung und Markenbooklet - Marcel Linden Concept and Copy","robots":{"index":"index","follow":"follow","max-snippet":"max-snippet:-1","max-image-preview":"max-image-preview:large","max-video-preview":"max-video-preview:-1"},"canonical":"https:\/\/marcel-linden.de\/?p=562","og_locale":"de_DE","og_type":"article","og_title":"De Gruyter | Positionierung und Markenbooklet - Marcel Linden Concept and Copy","og_description":"&nbsp; Der ehrw\u00fcrdige Wissenschaftsverlag De Gruyter blickt auf eine \u00fcber 260-j\u00e4hrige Geschichte zur\u00fcck \u2013 und mit nachgerade jugendlicher Neugier und uners\u00e4ttlichem Wissenshunger in die Zukunft der Wissenschaftspublizistik, die er ma\u00dfgeblich mitzugestalten gedenkt. Mit und f\u00fcr wenkerottke. Und hier gibt es das PDF dazu: De Gruyter","og_url":"https:\/\/marcel-linden.de\/?p=562","og_site_name":"Marcel Linden Concept and Copy","article_published_time":"2018-01-24T17:16:43+00:00","article_modified_time":"2020-08-05T11:38:50+00:00","og_image":[{"url":"http:\/\/marcel-linden.de\/wp-content\/uploads\/2018\/01\/Booklet.jpg","type":"","width":"","height":""}],"author":"g1_xftzgc","twitter_card":"summary_large_image","twitter_misc":{"Verfasst von":"g1_xftzgc"},"schema":{"@context":"https:\/\/schema.org","@graph":[{"@type":"Article","@id":"https:\/\/marcel-linden.de\/?p=562#article","isPartOf":{"@id":"https:\/\/marcel-linden.de\/?p=562"},"author":{"name":"g1_xftzgc","@id":"https:\/\/marcel-linden.de\/#\/schema\/person\/bdf9e8d0f7eb94690376ba1c4a3045ce"},"headline":"De Gruyter | Positionierung und Markenbooklet","datePublished":"2018-01-24T17:16:43+00:00","dateModified":"2020-08-05T11:38:50+00:00","mainEntityOfPage":{"@id":"https:\/\/marcel-linden.de\/?p=562"},"wordCount":55,"publisher":{"@id":"https:\/\/marcel-linden.de\/#organization"},"image":{"@id":"https:\/\/marcel-linden.de\/?p=562#primaryimage"},"thumbnailUrl":"http:\/\/marcel-linden.de\/wp-content\/uploads\/2018\/01\/Booklet.jpg","keywords":["Verlag","Wissenschaftspublizistik"],"articleSection":["B2B","Brand Language","Employer Branding","Imagekommunikation","Interne Kommunikation","Uncategorized"],"inLanguage":"de"},{"@type":"WebPage","@id":"https:\/\/marcel-linden.de\/?p=562","url":"https:\/\/marcel-linden.de\/?p=562","name":"De Gruyter | Positionierung und Markenbooklet - Marcel Linden Concept and Copy","isPartOf":{"@id":"https:\/\/marcel-linden.de\/#website"},"primaryImageOfPage":{"@id":"https:\/\/marcel-linden.de\/?p=562#primaryimage"},"image":{"@id":"https:\/\/marcel-linden.de\/?p=562#primaryimage"},"thumbnailUrl":"http:\/\/marcel-linden.de\/wp-content\/uploads\/2018\/01\/Booklet.jpg","datePublished":"2018-01-24T17:16:43+00:00","dateModified":"2020-08-05T11:38:50+00:00","breadcrumb":{"@id":"https:\/\/marcel-linden.de\/?p=562#breadcrumb"},"inLanguage":"de","potentialAction":[{"@type":"ReadAction","target":["https:\/\/marcel-linden.de\/?p=562"]}]},{"@type":"ImageObject","inLanguage":"de","@id":"https:\/\/marcel-linden.de\/?p=562#primaryimage","url":"http:\/\/marcel-linden.de\/wp-content\/uploads\/2018\/01\/Booklet.jpg","contentUrl":"http:\/\/marcel-linden.de\/wp-content\/uploads\/2018\/01\/Booklet.jpg"},{"@type":"BreadcrumbList","@id":"https:\/\/marcel-linden.de\/?p=562#breadcrumb","itemListElement":[{"@type":"ListItem","position":1,"name":"Startseite","item":"https:\/\/marcel-linden.de\/"},{"@type":"ListItem","position":2,"name":"De Gruyter | Positionierung und Markenbooklet"}]},{"@type":"WebSite","@id":"https:\/\/marcel-linden.de\/#website","url":"https:\/\/marcel-linden.de\/","name":"Marcel Linden Concept and Copy","description":"Text, Konzept, Sprach- und Kommunikationsberatung f\u00fcr Agenturen, Unternehmen und Organisationen ","publisher":{"@id":"https:\/\/marcel-linden.de\/#organization"},"potentialAction":[{"@type":"SearchAction","target":{"@type":"EntryPoint","urlTemplate":"https:\/\/marcel-linden.de\/?s={search_term_string}"},"query-input":{"@type":"PropertyValueSpecification","valueRequired":true,"valueName":"search_term_string"}}],"inLanguage":"de"},{"@type":"Organization","@id":"https:\/\/marcel-linden.de\/#organization","name":"Freelance Copy Marcel Linden","url":"https:\/\/marcel-linden.de\/","logo":{"@type":"ImageObject","inLanguage":"de","@id":"https:\/\/marcel-linden.de\/#\/schema\/logo\/image\/","url":"http:\/\/marcel-linden.de\/wp-content\/uploads\/2017\/03\/Logo_rund_trans.png","contentUrl":"http:\/\/marcel-linden.de\/wp-content\/uploads\/2017\/03\/Logo_rund_trans.png","width":441,"height":441,"caption":"Freelance Copy Marcel Linden"},"image":{"@id":"https:\/\/marcel-linden.de\/#\/schema\/logo\/image\/"}},{"@type":"Person","@id":"https:\/\/marcel-linden.de\/#\/schema\/person\/bdf9e8d0f7eb94690376ba1c4a3045ce","name":"g1_xftzgc","image":{"@type":"ImageObject","inLanguage":"de","@id":"https:\/\/secure.gravatar.com\/avatar\/39e91faacb86ad35d6381e723ebeb99ea19c79c69bdc64c7091e3a71037fb18e?s=96&d=mm&r=g","url":"https:\/\/secure.gravatar.com\/avatar\/39e91faacb86ad35d6381e723ebeb99ea19c79c69bdc64c7091e3a71037fb18e?s=96&d=mm&r=g","contentUrl":"https:\/\/secure.gravatar.com\/avatar\/39e91faacb86ad35d6381e723ebeb99ea19c79c69bdc64c7091e3a71037fb18e?s=96&d=mm&r=g","caption":"g1_xftzgc"}}]}},"_links":{"self":[{"href":"https:\/\/marcel-linden.de\/index.php?rest_route=\/wp\/v2\/posts\/562","targetHints":{"allow":["GET"]}}],"collection":[{"href":"https:\/\/marcel-linden.de\/index.php?rest_route=\/wp\/v2\/posts"}],"about":[{"href":"https:\/\/marcel-linden.de\/index.php?rest_route=\/wp\/v2\/types\/post"}],"author":[{"embeddable":true,"href":"https:\/\/marcel-linden.de\/index.php?rest_route=\/wp\/v2\/users\/1"}],"replies":[{"embeddable":true,"href":"https:\/\/marcel-linden.de\/index.php?rest_route=%2Fwp%2Fv2%2Fcomments&post=562"}],"version-history":[{"count":6,"href":"https:\/\/marcel-linden.de\/index.php?rest_route=\/wp\/v2\/posts\/562\/revisions"}],"predecessor-version":[{"id":576,"href":"https:\/\/marcel-linden.de\/index.php?rest_route=\/wp\/v2\/posts\/562\/revisions\/576"}],"wp:attachment":[{"href":"https:\/\/marcel-linden.de\/index.php?rest_route=%2Fwp%2Fv2%2Fmedia&parent=562"}],"wp:term":[{"taxonomy":"category","embeddable":true,"href":"https:\/\/marcel-linden.de\/index.php?rest_route=%2Fwp%2Fv2%2Fcategories&post=562"},{"taxonomy":"post_tag","embeddable":true,"href":"https:\/\/marcel-linden.de\/index.php?rest_route=%2Fwp%2Fv2%2Ftags&post=562"}],"curies":[{"name":"wp","href":"https:\/\/api.w.org\/{rel}","templated":true}]}}